{"id":133201,"date":"2019-01-28T00:20:59","date_gmt":"2019-01-28T06:20:59","guid":{"rendered":"http:\/\/vertienteglobal.com\/?p=133201"},"modified":"2019-01-28T00:52:55","modified_gmt":"2019-01-28T06:52:55","slug":"dolor-de-cabeza-puede-afectar-mas-a-mujeres-que-a-los-hombres","status":"publish","type":"post","link":"http:\/\/vertienteglobal.com\/?p=133201","title":{"rendered":"Dolor de cabeza puede afectar m\u00e1s a mujeres que a los hombres"},"content":{"rendered":"\n<div class=\"twitterbutton\" style=\"float: right; padding-left: 5px;\"><a href=\"http:\/\/twitter.com\/share\" class=\"twitter-share-button\" data-count=\"horizontal\" data-text=\"Dolor de cabeza puede afectar m\u00e1s a mujeres que a los hombres\" data-via=\"https:\/\/twitter.com\/VertienteGloba1\" data-url=\"http:\/\/vertienteglobal.com\/?p=133201\" data-lang=\"es\" data-related=\"Informaci\u00f3n general:S\u00edguenos para que est\u00e9ss informado\"><\/a><\/div>\n<figure class=\"wp-block-image\"><img loading=\"lazy\" decoding=\"async\" width=\"600\" height=\"337\" src=\"http:\/\/vertienteglobal.com\/wp-content\/uploads\/2019\/01\/Dolor-de-cabeza.jpg\" alt=\"\" class=\"wp-image-133202\" srcset=\"http:\/\/vertienteglobal.com\/wp-content\/uploads\/2019\/01\/Dolor-de-cabeza.jpg 600w, http:\/\/vertienteglobal.com\/wp-content\/uploads\/2019\/01\/Dolor-de-cabeza-150x84.jpg 150w, http:\/\/vertienteglobal.com\/wp-content\/uploads\/2019\/01\/Dolor-de-cabeza-300x169.jpg 300w\" sizes=\"auto, (max-width: 600px) 100vw, 600px\" \/><\/figure>\n\n\n\n<p> [Redacci\u00f3n]<br> El especialista detall\u00f3 a su vez que dentro de la cefalea existen distintos tipos, de los cuales 90 por ciento se denominan primarios, es decir que no son provocadas por alg\u00fan padecimiento espec\u00edfico, donde destacan: migra\u00f1a, tensional y por racimos<br> Ciudad de M\u00e9xico.- La mayor\u00eda de las personas ha padecido por lo menos alguna vez un dolor de cabeza, ya sea por no dormir bien, por estr\u00e9s o por pasar muchas horas frente a una computadora, sin embargo, las mujeres pueden ser m\u00e1s propensas que los hombres por motivos hormonales.<br> Estos dolores de cabeza o cefaleas pueden presentarse desde la pubertad, y tienen una duraci\u00f3n por lo general de 24 a 48 horas, con un m\u00e1ximo de 72, de acuerdo con el neur\u00f3logo especialista de la Centro M\u00e9dico ABC, Miguel \u00c1ngel Collado Ortiz.<br> Dichos episodios, destac\u00f3, est\u00e1n m\u00e1s cargados al g\u00e9nero femenino que al masculino, tanto el dolor de cabeza tensional, como el migra\u00f1oso, y no hay una edad espec\u00edfica para padecerlas.<br> El especialista detall\u00f3 a su vez que dentro de la cefalea existen distintos tipos, de los cuales 90 por ciento se denominan primarios, es decir que no son provocadas por alg\u00fan padecimiento espec\u00edfico, donde destacan: migra\u00f1a, tensional y por racimos.<br> Mientras que 10 por ciento restante de las cefaleas son de tipo secundario, es decir, todos aquellos dolores de cabeza que tienen un origen, un trasfondo org\u00e1nico, una hemorragia cerebral o una aneurisma.<br> Este tipo es de una intensidad importante, en la que el paciente sufre y aumenta con la actividad f\u00edsica, adem\u00e1s se puede acompa\u00f1ar de n\u00e1useas, v\u00f3mito, molestia de ruido y de la luz.<br> En tanto, el dolor de cabeza tensional es el m\u00e1s frecuente a nivel mundial, se manifiesta en la parte de los temporales, en la parte parietal del cr\u00e1neo, es m\u00e1s de car\u00e1cter opresivo, se presenta de manera constante y la intensidad es de leve a moderada.<\/p>\n","protected":false},"excerpt":{"rendered":"<p>[Redacci\u00f3n] El especialista detall\u00f3 a su vez que dentro de la cefalea existen distintos tipos, de los cuales 90 por ciento se denominan primarios, es decir que no son provocadas por alg\u00fan padecimiento espec\u00edfico, donde destacan: migra\u00f1a, tensional y por racimos Ciudad de M\u00e9xico.- La mayor\u00eda de las personas ha padecido por lo menos alguna [&hellip;]<\/p>\n","protected":false},"author":1,"featured_media":133202,"comment_status":"open","ping_status":"open","sticky":false,"template":"","format":"standard","meta":{"footnotes":""},"categories":[8],"tags":[],"class_list":["post-133201","post","type-post","status-publish","format-standard","has-post-thumbnail","hentry","category-pais","entry","has-media"],"jetpack_featured_media_url":"http:\/\/vertienteglobal.com\/wp-content\/uploads\/2019\/01\/Dolor-de-cabeza.jpg","_links":{"self":[{"href":"http:\/\/vertienteglobal.com\/index.php?rest_route=\/wp\/v2\/posts\/133201","targetHints":{"allow":["GET"]}}],"collection":[{"href":"http:\/\/vertienteglobal.com\/index.php?rest_route=\/wp\/v2\/posts"}],"about":[{"href":"http:\/\/vertienteglobal.com\/index.php?rest_route=\/wp\/v2\/types\/post"}],"author":[{"embeddable":true,"href":"http:\/\/vertienteglobal.com\/index.php?rest_route=\/wp\/v2\/users\/1"}],"replies":[{"embeddable":true,"href":"http:\/\/vertienteglobal.com\/index.php?rest_route=%2Fwp%2Fv2%2Fcomments&post=133201"}],"version-history":[{"count":0,"href":"http:\/\/vertienteglobal.com\/index.php?rest_route=\/wp\/v2\/posts\/133201\/revisions"}],"wp:featuredmedia":[{"embeddable":true,"href":"http:\/\/vertienteglobal.com\/index.php?rest_route=\/wp\/v2\/media\/133202"}],"wp:attachment":[{"href":"http:\/\/vertienteglobal.com\/index.php?rest_route=%2Fwp%2Fv2%2Fmedia&parent=133201"}],"wp:term":[{"taxonomy":"category","embeddable":true,"href":"http:\/\/vertienteglobal.com\/index.php?rest_route=%2Fwp%2Fv2%2Fcategories&post=133201"},{"taxonomy":"post_tag","embeddable":true,"href":"http:\/\/vertienteglobal.com\/index.php?rest_route=%2Fwp%2Fv2%2Ftags&post=133201"}],"curies":[{"name":"wp","href":"https:\/\/api.w.org\/{rel}","templated":true}]}}