{"id":133131,"date":"2019-01-26T11:34:51","date_gmt":"2019-01-26T17:34:51","guid":{"rendered":"http:\/\/vertienteglobal.com\/?p=133131"},"modified":"2019-01-27T11:26:26","modified_gmt":"2019-01-27T17:26:26","slug":"frentes-frios-incrementan-enfermedades-espiratorias","status":"publish","type":"post","link":"http:\/\/vertienteglobal.com\/?p=133131","title":{"rendered":"Frentes fr\u00edos incrementan enfermedades espiratorias"},"content":{"rendered":"\n<div class=\"twitterbutton\" style=\"float: right; padding-left: 5px;\"><a href=\"http:\/\/twitter.com\/share\" class=\"twitter-share-button\" data-count=\"horizontal\" data-text=\"Frentes fr\u00edos incrementan enfermedades espiratorias\" data-via=\"https:\/\/twitter.com\/VertienteGloba1\" data-url=\"http:\/\/vertienteglobal.com\/?p=133131\" data-lang=\"es\" data-related=\"Informaci\u00f3n general:S\u00edguenos para que est\u00e9ss informado\"><\/a><\/div>\n<figure class=\"wp-block-image\"><img loading=\"lazy\" decoding=\"async\" width=\"600\" height=\"362\" src=\"http:\/\/vertienteglobal.com\/wp-content\/uploads\/2019\/01\/salud-gripe.jpg\" alt=\"\" class=\"wp-image-133132\" srcset=\"http:\/\/vertienteglobal.com\/wp-content\/uploads\/2019\/01\/salud-gripe.jpg 600w, http:\/\/vertienteglobal.com\/wp-content\/uploads\/2019\/01\/salud-gripe-150x91.jpg 150w, http:\/\/vertienteglobal.com\/wp-content\/uploads\/2019\/01\/salud-gripe-300x181.jpg 300w\" sizes=\"auto, (max-width: 600px) 100vw, 600px\" \/><\/figure>\n\n\n\n<p> [Redacci\u00f3n]<br> Rodr\u00edguez Cabrera pidi\u00f3 a la poblaci\u00f3n extremar precauciones debido a que a\u00fan no concluye la temporada invernal, sobre todo a estar atentos en los ni\u00f1os y adultos mayores quienes son abatidos por estos males infecciosos<br> San Francisco de Campeche, Campeche.- Los \u00faltimos frentes fr\u00edos han repercutido en el incremento de hasta el 40% de las enfermedades respiratorias, confirm\u00f3 el secretario de salud, Rafael Rodr\u00edguez Cabrera, se\u00f1alando que ya se est\u00e1n tomando las medidas pertinentes para evitar que estos cuadros incrementen.<br> Y es que dieron a conocer que \u201cLa bronquitis y faringoamigdalitis son de los padecimientos m\u00e1s recurrentes en esta temporada, as\u00ed como tambi\u00e9n la influenza, que tambi\u00e9n ha tenido un leve aumento en comparaci\u00f3n con la temporada pasada\u201d.<br> Rodr\u00edguez Cabrera pidi\u00f3 a la poblaci\u00f3n extremar precauciones debido a que a\u00fan no concluye la temporada invernal, sobre todo a estar atentos en los ni\u00f1os y adultos mayores quienes son abatidos por estos males infecciosos.<br> Dijo: \u201cLa recomendaci\u00f3n es que se abriguen y que se eviten exponer a los cambios repentinos de temperatura, en caso de padecer alguna de estas infecciones usar cubrebocas, sobre todo al amanecer si tiene que salir de casa, y que acudan al m\u00e9dico ante cualquier s\u00edntoma\u201d. <br> Por \u00faltimo, dijo que se contin\u00faa con la campa\u00f1a de vacunaci\u00f3n de influenza, y hasta el momento se han aplicado el 85 por ciento de la meta de dosis que se contempla de 240 mil vacunas.<\/p>\n","protected":false},"excerpt":{"rendered":"<p>[Redacci\u00f3n] Rodr\u00edguez Cabrera pidi\u00f3 a la poblaci\u00f3n extremar precauciones debido a que a\u00fan no concluye la temporada invernal, sobre todo a estar atentos en los ni\u00f1os y adultos mayores quienes son abatidos por estos males infecciosos San Francisco de Campeche, Campeche.- Los \u00faltimos frentes fr\u00edos han repercutido en el incremento de hasta el 40% de [&hellip;]<\/p>\n","protected":false},"author":1,"featured_media":133132,"comment_status":"open","ping_status":"open","sticky":false,"template":"","format":"standard","meta":{"footnotes":""},"categories":[4],"tags":[],"class_list":["post-133131","post","type-post","status-publish","format-standard","has-post-thumbnail","hentry","category-campeche","entry","has-media"],"jetpack_featured_media_url":"http:\/\/vertienteglobal.com\/wp-content\/uploads\/2019\/01\/salud-gripe.jpg","_links":{"self":[{"href":"http:\/\/vertienteglobal.com\/index.php?rest_route=\/wp\/v2\/posts\/133131","targetHints":{"allow":["GET"]}}],"collection":[{"href":"http:\/\/vertienteglobal.com\/index.php?rest_route=\/wp\/v2\/posts"}],"about":[{"href":"http:\/\/vertienteglobal.com\/index.php?rest_route=\/wp\/v2\/types\/post"}],"author":[{"embeddable":true,"href":"http:\/\/vertienteglobal.com\/index.php?rest_route=\/wp\/v2\/users\/1"}],"replies":[{"embeddable":true,"href":"http:\/\/vertienteglobal.com\/index.php?rest_route=%2Fwp%2Fv2%2Fcomments&post=133131"}],"version-history":[{"count":0,"href":"http:\/\/vertienteglobal.com\/index.php?rest_route=\/wp\/v2\/posts\/133131\/revisions"}],"wp:featuredmedia":[{"embeddable":true,"href":"http:\/\/vertienteglobal.com\/index.php?rest_route=\/wp\/v2\/media\/133132"}],"wp:attachment":[{"href":"http:\/\/vertienteglobal.com\/index.php?rest_route=%2Fwp%2Fv2%2Fmedia&parent=133131"}],"wp:term":[{"taxonomy":"category","embeddable":true,"href":"http:\/\/vertienteglobal.com\/index.php?rest_route=%2Fwp%2Fv2%2Fcategories&post=133131"},{"taxonomy":"post_tag","embeddable":true,"href":"http:\/\/vertienteglobal.com\/index.php?rest_route=%2Fwp%2Fv2%2Ftags&post=133131"}],"curies":[{"name":"wp","href":"https:\/\/api.w.org\/{rel}","templated":true}]}}