{"id":133063,"date":"2019-01-25T10:50:28","date_gmt":"2019-01-25T16:50:28","guid":{"rendered":"http:\/\/vertienteglobal.com\/?p=133063"},"modified":"2019-01-25T14:51:45","modified_gmt":"2019-01-25T20:51:45","slug":"arranca-dif-programa-de-desayunos-escolares-en-tabasco","status":"publish","type":"post","link":"http:\/\/vertienteglobal.com\/?p=133063","title":{"rendered":"Arranca DIF programa de desayunos escolares en Tabasco"},"content":{"rendered":"\n<div class=\"twitterbutton\" style=\"float: right; padding-left: 5px;\"><a href=\"http:\/\/twitter.com\/share\" class=\"twitter-share-button\" data-count=\"horizontal\" data-text=\"Arranca DIF programa de desayunos escolares en Tabasco\" data-via=\"https:\/\/twitter.com\/VertienteGloba1\" data-url=\"http:\/\/vertienteglobal.com\/?p=133063\" data-lang=\"es\" data-related=\"Informaci\u00f3n general:S\u00edguenos para que est\u00e9ss informado\"><\/a><\/div>\n<figure class=\"wp-block-image\"><img loading=\"lazy\" decoding=\"async\" width=\"600\" height=\"337\" src=\"http:\/\/vertienteglobal.com\/wp-content\/uploads\/2019\/01\/DIF-desayunos-escolares.jpg\" alt=\"\" class=\"wp-image-133064\" srcset=\"http:\/\/vertienteglobal.com\/wp-content\/uploads\/2019\/01\/DIF-desayunos-escolares.jpg 600w, http:\/\/vertienteglobal.com\/wp-content\/uploads\/2019\/01\/DIF-desayunos-escolares-150x84.jpg 150w, http:\/\/vertienteglobal.com\/wp-content\/uploads\/2019\/01\/DIF-desayunos-escolares-300x169.jpg 300w\" sizes=\"auto, (max-width: 600px) 100vw, 600px\" \/><\/figure>\n\n\n\n<p> [Antonio Rivera]<br> Dijo que lo m\u00e1s importante es dotar a todos los ni\u00f1os, dejando a un lado las cuotas<br> Villahermosa, Tabasco.- La coordinadora general  del sistema DIF Tabasco, Celia Margarita Bosh Hern\u00e1ndez y el secretario del Bienestar, Mario Llergo Larturniere, dieron el banderazo de salida del programa de desayunos escolares.<br> Aqu\u00ed, Bosch Hern\u00e1ndez, se\u00f1al\u00f3 que los desayunos calientes beneficiar\u00e1n a 129 mil 331 ni\u00f1os y ni\u00f1as de mil 341 localidades del Estado de Tabasco, y se distribuir\u00e1n de manera mensual 12 mil 950 paquetes alimentarios y 517 mil 324 litros de leche en 2 mil 759 centros educativos.<br> Pidi\u00f3 a los colaboradores del sistema DIF Tabasco, padres de familia y trabajadores de estos centros educativos, para salir adelante con el compromiso de garantizar la seguridad alimentaria a los ni\u00f1os. <br> Mientras que el secretario del Bienestar, Mario Llergo Larturniere, se\u00f1alo que el DIF Tabasco,  y el Bienestar nos une hacia los que menos tienen.<br> Record\u00f3 que es un compromiso de campa\u00f1a del gobernador, Ad\u00e1n Augusto L\u00f3pez Hern\u00e1ndez, por lo que es no solo de continuar con este programa que va orientado hacia quienes menos tienen y m\u00e1s lo necesitan, la poblaci\u00f3n m\u00e1s vulnerable y que son los ni\u00f1os.<br> Dejo en claro que los desayunos escolares  son de calidad, pero sobre todo con productos de la regi\u00f3n.<br> Agreg\u00f3 que lo m\u00e1s importante es dotar a todos los ni\u00f1os, dejando a un lado las cuotas.<br> De esta manera arrancaron los programas de asistencia social del sistema DIF Tabasco 2019-2024.<\/p>\n","protected":false},"excerpt":{"rendered":"<p>[Antonio Rivera] Dijo que lo m\u00e1s importante es dotar a todos los ni\u00f1os, dejando a un lado las cuotas Villahermosa, Tabasco.- La coordinadora general del sistema DIF Tabasco, Celia Margarita Bosh Hern\u00e1ndez y el secretario del Bienestar, Mario Llergo Larturniere, dieron el banderazo de salida del programa de desayunos escolares. Aqu\u00ed, Bosch Hern\u00e1ndez, se\u00f1al\u00f3 que [&hellip;]<\/p>\n","protected":false},"author":1,"featured_media":133064,"comment_status":"open","ping_status":"open","sticky":false,"template":"","format":"standard","meta":{"footnotes":""},"categories":[5],"tags":[],"class_list":["post-133063","post","type-post","status-publish","format-standard","has-post-thumbnail","hentry","category-tabasco","entry","has-media"],"jetpack_featured_media_url":"http:\/\/vertienteglobal.com\/wp-content\/uploads\/2019\/01\/DIF-desayunos-escolares.jpg","_links":{"self":[{"href":"http:\/\/vertienteglobal.com\/index.php?rest_route=\/wp\/v2\/posts\/133063","targetHints":{"allow":["GET"]}}],"collection":[{"href":"http:\/\/vertienteglobal.com\/index.php?rest_route=\/wp\/v2\/posts"}],"about":[{"href":"http:\/\/vertienteglobal.com\/index.php?rest_route=\/wp\/v2\/types\/post"}],"author":[{"embeddable":true,"href":"http:\/\/vertienteglobal.com\/index.php?rest_route=\/wp\/v2\/users\/1"}],"replies":[{"embeddable":true,"href":"http:\/\/vertienteglobal.com\/index.php?rest_route=%2Fwp%2Fv2%2Fcomments&post=133063"}],"version-history":[{"count":0,"href":"http:\/\/vertienteglobal.com\/index.php?rest_route=\/wp\/v2\/posts\/133063\/revisions"}],"wp:featuredmedia":[{"embeddable":true,"href":"http:\/\/vertienteglobal.com\/index.php?rest_route=\/wp\/v2\/media\/133064"}],"wp:attachment":[{"href":"http:\/\/vertienteglobal.com\/index.php?rest_route=%2Fwp%2Fv2%2Fmedia&parent=133063"}],"wp:term":[{"taxonomy":"category","embeddable":true,"href":"http:\/\/vertienteglobal.com\/index.php?rest_route=%2Fwp%2Fv2%2Fcategories&post=133063"},{"taxonomy":"post_tag","embeddable":true,"href":"http:\/\/vertienteglobal.com\/index.php?rest_route=%2Fwp%2Fv2%2Ftags&post=133063"}],"curies":[{"name":"wp","href":"https:\/\/api.w.org\/{rel}","templated":true}]}}