{"id":132558,"date":"2019-01-16T10:51:46","date_gmt":"2019-01-16T16:51:46","guid":{"rendered":"http:\/\/vertienteglobal.com\/?p=132558"},"modified":"2019-01-17T07:26:03","modified_gmt":"2019-01-17T13:26:03","slug":"actividades-en-la-biblioteca-central-manuel-cepeda-peraza-en-merida-para-todos-los-gustos","status":"publish","type":"post","link":"http:\/\/vertienteglobal.com\/?p=132558","title":{"rendered":"Actividades en la Biblioteca Central \u201cManuel Cepeda Peraza\u201d en M\u00e9rida, para todos los gustos"},"content":{"rendered":"\n<div class=\"twitterbutton\" style=\"float: right; padding-left: 5px;\"><a href=\"http:\/\/twitter.com\/share\" class=\"twitter-share-button\" data-count=\"horizontal\" data-text=\"Actividades en la Biblioteca Central \u201cManuel Cepeda Peraza\u201d en M\u00e9rida, para...\" data-via=\"https:\/\/twitter.com\/VertienteGloba1\" data-url=\"http:\/\/vertienteglobal.com\/?p=132558\" data-lang=\"es\" data-related=\"Informaci\u00f3n general:S\u00edguenos para que est\u00e9ss informado\"><\/a><\/div>\n<figure class=\"wp-block-image\"><img loading=\"lazy\" decoding=\"async\" width=\"600\" height=\"319\" src=\"http:\/\/vertienteglobal.com\/wp-content\/uploads\/2019\/01\/Actividades-en-la-biblioteca.jpg\" alt=\"\" class=\"wp-image-132559\" srcset=\"http:\/\/vertienteglobal.com\/wp-content\/uploads\/2019\/01\/Actividades-en-la-biblioteca.jpg 600w, http:\/\/vertienteglobal.com\/wp-content\/uploads\/2019\/01\/Actividades-en-la-biblioteca-150x80.jpg 150w, http:\/\/vertienteglobal.com\/wp-content\/uploads\/2019\/01\/Actividades-en-la-biblioteca-300x160.jpg 300w\" sizes=\"auto, (max-width: 600px) 100vw, 600px\" \/><\/figure>\n\n\n\n<p> [Redacci\u00f3n]<br> Presentaciones de libros, charlas y lecturas dramatizadas se desarrollar\u00e1n en el recinto<br> M\u00e9rida, Yucat\u00e1n.- Una lectura dramatizada, dos presentaciones de libros y una charla son parte de las actividades que se llevar\u00e1n a cabo en la Biblioteca Central Estatal \u201cManuel Cepeda Peraza\u201d, que conforman una oferta para personas de todas las edades. <br> La colecci\u00f3n de textos El gato bajo la lluvia se dar\u00e1 a conocer ma\u00f1ana jueves 17 de enero, a las 19:00 horas. El evento estar\u00e1 coordinado por las escritoras Cristina Leirana Alcocer y Melba Alfaro.<br> El compendio lo integran obras de Arnaldo \u00c1vila, No\u00e9 Castillo S\u00e1nchez, Yare \u00c1vila, Armando Pacheco, Jorge Arquieta Hern\u00e1ndez, Ligia Carolina P\u00e9rez Alfaro, Iv\u00e1n Canul, Pa\u00fal Santiago P\u00e9rez Cruz, Silvia Rojas S\u00e1nchez y Mauricio Mart\u00ednez Tun. <br> Para los m\u00e1s peque\u00f1os del hogar, el programa \u201cS\u00e1bados de cuento\u201d tendr\u00e1 como invitada a Laura Zald\u00edvar L\u00f3pez, quien el 19 de enero a las 10:00 horas contar\u00e1 la historia de La peor se\u00f1ora del mundo, del escritor Francisco Hinojosa.<br> Ella llevar\u00e1 a las ni\u00f1as y ni\u00f1os al norte de Turumbul, donde hab\u00eda una mujer que castigaba a sus hijos, mientras que a la gente de su vecindario le pegaba y rasgu\u00f1aba, hasta que un d\u00eda se cansaron de eso y decidieron hacer algo para poner fin a tantas maldades.<br> El martes 22, a las 19:00 horas, el autor campechano Luis Aar\u00f3n Moscoso Carmona presentar\u00e1 El cetro y la gema. El se\u00f1or del sauce blanco y el renacimiento del mal, libro inspirado en la literatura fant\u00e1stica de J. R.R. Tolkien.<br> Finalmente, quienes amen las historietas tendr\u00e1n la oportunidad de escuchar una charla a cargo de Aar\u00f3n S\u00e1nchez L\u00f3pez. Durante la actividad, las y los asistentes expresar\u00e1n sus puntos de vista sobre el intercambio y venta de los comics, una corriente vigente en el gusto de la juventud.<br> La Biblioteca Central est\u00e1 abierta de lunes a viernes de 9:00 a 21:00 horas y los s\u00e1bados de 9:00 a 14:00 horas, la entrada no tiene costo.<\/p>\n","protected":false},"excerpt":{"rendered":"<p>[Redacci\u00f3n] Presentaciones de libros, charlas y lecturas dramatizadas se desarrollar\u00e1n en el recinto M\u00e9rida, Yucat\u00e1n.- Una lectura dramatizada, dos presentaciones de libros y una charla son parte de las actividades que se llevar\u00e1n a cabo en la Biblioteca Central Estatal \u201cManuel Cepeda Peraza\u201d, que conforman una oferta para personas de todas las edades. La colecci\u00f3n [&hellip;]<\/p>\n","protected":false},"author":1,"featured_media":132559,"comment_status":"open","ping_status":"open","sticky":false,"template":"","format":"standard","meta":{"footnotes":""},"categories":[9,2],"tags":[],"class_list":["post-132558","post","type-post","status-publish","format-standard","has-post-thumbnail","hentry","category-educacion","category-yucatan","entry","has-media"],"jetpack_featured_media_url":"http:\/\/vertienteglobal.com\/wp-content\/uploads\/2019\/01\/Actividades-en-la-biblioteca.jpg","_links":{"self":[{"href":"http:\/\/vertienteglobal.com\/index.php?rest_route=\/wp\/v2\/posts\/132558","targetHints":{"allow":["GET"]}}],"collection":[{"href":"http:\/\/vertienteglobal.com\/index.php?rest_route=\/wp\/v2\/posts"}],"about":[{"href":"http:\/\/vertienteglobal.com\/index.php?rest_route=\/wp\/v2\/types\/post"}],"author":[{"embeddable":true,"href":"http:\/\/vertienteglobal.com\/index.php?rest_route=\/wp\/v2\/users\/1"}],"replies":[{"embeddable":true,"href":"http:\/\/vertienteglobal.com\/index.php?rest_route=%2Fwp%2Fv2%2Fcomments&post=132558"}],"version-history":[{"count":0,"href":"http:\/\/vertienteglobal.com\/index.php?rest_route=\/wp\/v2\/posts\/132558\/revisions"}],"wp:featuredmedia":[{"embeddable":true,"href":"http:\/\/vertienteglobal.com\/index.php?rest_route=\/wp\/v2\/media\/132559"}],"wp:attachment":[{"href":"http:\/\/vertienteglobal.com\/index.php?rest_route=%2Fwp%2Fv2%2Fmedia&parent=132558"}],"wp:term":[{"taxonomy":"category","embeddable":true,"href":"http:\/\/vertienteglobal.com\/index.php?rest_route=%2Fwp%2Fv2%2Fcategories&post=132558"},{"taxonomy":"post_tag","embeddable":true,"href":"http:\/\/vertienteglobal.com\/index.php?rest_route=%2Fwp%2Fv2%2Ftags&post=132558"}],"curies":[{"name":"wp","href":"https:\/\/api.w.org\/{rel}","templated":true}]}}