{"id":132467,"date":"2019-01-14T15:31:51","date_gmt":"2019-01-14T21:31:51","guid":{"rendered":"http:\/\/vertienteglobal.com\/?p=132467"},"modified":"2019-01-14T22:33:44","modified_gmt":"2019-01-15T04:33:44","slug":"azucares-anadidos-antes-de-6-meses-de-edad-aumenta-riesgo-de-sobrepeso-y-obesidad","status":"publish","type":"post","link":"http:\/\/vertienteglobal.com\/?p=132467","title":{"rendered":"Az\u00facares a\u00f1adidos antes de 6 meses de edad aumenta riesgo de sobrepeso y obesidad"},"content":{"rendered":"\n<div class=\"twitterbutton\" style=\"float: right; padding-left: 5px;\"><a href=\"http:\/\/twitter.com\/share\" class=\"twitter-share-button\" data-count=\"horizontal\" data-text=\"Az\u00facares a\u00f1adidos antes de 6 meses de edad aumenta riesgo de sobrepeso y obesi...\" data-via=\"https:\/\/twitter.com\/VertienteGloba1\" data-url=\"http:\/\/vertienteglobal.com\/?p=132467\" data-lang=\"es\" data-related=\"Informaci\u00f3n general:S\u00edguenos para que est\u00e9ss informado\"><\/a><\/div>\n<figure class=\"wp-block-image\"><img loading=\"lazy\" decoding=\"async\" width=\"600\" height=\"339\" src=\"http:\/\/vertienteglobal.com\/wp-content\/uploads\/2019\/01\/Bebes-obesidad-cuidado.jpg\" alt=\"\" class=\"wp-image-132468\" srcset=\"http:\/\/vertienteglobal.com\/wp-content\/uploads\/2019\/01\/Bebes-obesidad-cuidado.jpg 600w, http:\/\/vertienteglobal.com\/wp-content\/uploads\/2019\/01\/Bebes-obesidad-cuidado-150x85.jpg 150w, http:\/\/vertienteglobal.com\/wp-content\/uploads\/2019\/01\/Bebes-obesidad-cuidado-300x170.jpg 300w\" sizes=\"auto, (max-width: 600px) 100vw, 600px\" \/><\/figure>\n\n\n\n<p> [Redacci\u00f3n]<br> El 26% de los infantes pasa de lactancia materna exclusiva al consumo de alimentos s\u00f3lidos antes del medio a\u00f1o de vida<br> La adopci\u00f3n de estilos de vida saludable de las familias contribuye a reducir las tendencias de malnutrici\u00f3n<br> Ciudad de M\u00e9xico.- En M\u00e9xico, la cuarta parte de los padres anticipa la alimentaci\u00f3n complementaria que debe recibir un menor despu\u00e9s de los 6 meses de edad, incrementando la mortalidad por enfermedades cr\u00f3nico degenerativas al ser adultos, advirti\u00f3 la doctora Jennifer Mier Cabrera, m\u00e9dico adscrito al Departamento de Nutrici\u00f3n y Bioprogramaci\u00f3n del Instituto Nacional de Perinatolog\u00eda.<br> Y es que sin embargo, el 26% de los menores de seis meses de edad pasa de la lactancia materna exclusiva, al consumo de alimentos s\u00f3lidos; aun cuando la OMS recomienda hacerlo posterior al medio a\u00f1o, dijo la especialista.<br> Precis\u00f3 que de acuerdo con los resultados del estudio cohorte \u201cOBESO-Origen bioqu\u00edmico y epigen\u00e9tico de la obesidad\u201d, realizado por el INPer a 92 ni\u00f1os, el 50% de ellos comenz\u00f3 la ingesta de az\u00facares antes de los seis meses de edad, lo que aumenta el riesgo de que padezcan obesidad y malnutrici\u00f3n en la etapa adulta.<br> De acuerdo a la evidencia cient\u00edfica no se deben dar alimentos con az\u00facares a\u00f1adidos, por lo menos los dos primeros a\u00f1os de vida, porque aumenta la posibilidad de que tengan sobrepeso y grasa abdominal, precis\u00f3 la investigadora del Departamento de Nutrici\u00f3n y Bioprogramaci\u00f3n del INPer.<br> Por lo anterior, la especialista en nutrici\u00f3n subray\u00f3 que la adopci\u00f3n de estilo de vida saludables de las familias es un factor que contribuye a modificar las tendencias de malnutrici\u00f3n que est\u00e1n relacionadas con la obesidad o aceleraci\u00f3n en el crecimiento infantil.<br> Finalmente, a\u00f1adi\u00f3 que la desinformaci\u00f3n y falta de educaci\u00f3n en nutrici\u00f3n contribuyen a incrementar la epidemia de obesidad; sin embargo, el INPer promueve cursos de orientaci\u00f3n sobre Alimentaci\u00f3n del Lactante y Alimentaci\u00f3n Complementaria, as\u00ed como de formaci\u00f3n de trabajadores sanitarios.<\/p>\n\n\n\n<figure class=\"wp-block-image\"><img loading=\"lazy\" decoding=\"async\" width=\"600\" height=\"380\" src=\"http:\/\/vertienteglobal.com\/wp-content\/uploads\/2019\/01\/Doctora-alimentacion-recien-nacidos.jpg\" alt=\"\" class=\"wp-image-132469\" srcset=\"http:\/\/vertienteglobal.com\/wp-content\/uploads\/2019\/01\/Doctora-alimentacion-recien-nacidos.jpg 600w, http:\/\/vertienteglobal.com\/wp-content\/uploads\/2019\/01\/Doctora-alimentacion-recien-nacidos-150x95.jpg 150w, http:\/\/vertienteglobal.com\/wp-content\/uploads\/2019\/01\/Doctora-alimentacion-recien-nacidos-300x190.jpg 300w\" sizes=\"auto, (max-width: 600px) 100vw, 600px\" \/><\/figure>\n","protected":false},"excerpt":{"rendered":"<p>[Redacci\u00f3n] El 26% de los infantes pasa de lactancia materna exclusiva al consumo de alimentos s\u00f3lidos antes del medio a\u00f1o de vida La adopci\u00f3n de estilos de vida saludable de las familias contribuye a reducir las tendencias de malnutrici\u00f3n Ciudad de M\u00e9xico.- En M\u00e9xico, la cuarta parte de los padres anticipa la alimentaci\u00f3n complementaria que [&hellip;]<\/p>\n","protected":false},"author":1,"featured_media":132468,"comment_status":"open","ping_status":"open","sticky":false,"template":"","format":"standard","meta":{"footnotes":""},"categories":[8],"tags":[],"class_list":["post-132467","post","type-post","status-publish","format-standard","has-post-thumbnail","hentry","category-pais","entry","has-media"],"jetpack_featured_media_url":"http:\/\/vertienteglobal.com\/wp-content\/uploads\/2019\/01\/Bebes-obesidad-cuidado.jpg","_links":{"self":[{"href":"http:\/\/vertienteglobal.com\/index.php?rest_route=\/wp\/v2\/posts\/132467","targetHints":{"allow":["GET"]}}],"collection":[{"href":"http:\/\/vertienteglobal.com\/index.php?rest_route=\/wp\/v2\/posts"}],"about":[{"href":"http:\/\/vertienteglobal.com\/index.php?rest_route=\/wp\/v2\/types\/post"}],"author":[{"embeddable":true,"href":"http:\/\/vertienteglobal.com\/index.php?rest_route=\/wp\/v2\/users\/1"}],"replies":[{"embeddable":true,"href":"http:\/\/vertienteglobal.com\/index.php?rest_route=%2Fwp%2Fv2%2Fcomments&post=132467"}],"version-history":[{"count":0,"href":"http:\/\/vertienteglobal.com\/index.php?rest_route=\/wp\/v2\/posts\/132467\/revisions"}],"wp:featuredmedia":[{"embeddable":true,"href":"http:\/\/vertienteglobal.com\/index.php?rest_route=\/wp\/v2\/media\/132468"}],"wp:attachment":[{"href":"http:\/\/vertienteglobal.com\/index.php?rest_route=%2Fwp%2Fv2%2Fmedia&parent=132467"}],"wp:term":[{"taxonomy":"category","embeddable":true,"href":"http:\/\/vertienteglobal.com\/index.php?rest_route=%2Fwp%2Fv2%2Fcategories&post=132467"},{"taxonomy":"post_tag","embeddable":true,"href":"http:\/\/vertienteglobal.com\/index.php?rest_route=%2Fwp%2Fv2%2Ftags&post=132467"}],"curies":[{"name":"wp","href":"https:\/\/api.w.org\/{rel}","templated":true}]}}