{"id":132452,"date":"2019-01-14T08:30:10","date_gmt":"2019-01-14T14:30:10","guid":{"rendered":"http:\/\/vertienteglobal.com\/?p=132452"},"modified":"2019-01-14T08:42:03","modified_gmt":"2019-01-14T14:42:03","slug":"reserva-de-la-biosfera-complejo-lagunar-ojo-de-liebre-2","status":"publish","type":"post","link":"http:\/\/vertienteglobal.com\/?p=132452","title":{"rendered":"Reserva de la Bi\u00f3sfera Complejo Lagunar Ojo de Liebre"},"content":{"rendered":"\n<div class=\"twitterbutton\" style=\"float: right; padding-left: 5px;\"><a href=\"http:\/\/twitter.com\/share\" class=\"twitter-share-button\" data-count=\"horizontal\" data-text=\"Reserva de la Bi\u00f3sfera Complejo Lagunar Ojo de Liebre\" data-via=\"https:\/\/twitter.com\/VertienteGloba1\" data-url=\"http:\/\/vertienteglobal.com\/?p=132452\" data-lang=\"es\" data-related=\"Informaci\u00f3n general:S\u00edguenos para que est\u00e9ss informado\"><\/a><\/div>\n<figure class=\"wp-block-image\"><img loading=\"lazy\" decoding=\"async\" width=\"600\" height=\"356\" src=\"http:\/\/vertienteglobal.com\/wp-content\/uploads\/2019\/01\/Complejo-lagunar-ojo-de-liebre.jpg\" alt=\"\" class=\"wp-image-132453\" srcset=\"http:\/\/vertienteglobal.com\/wp-content\/uploads\/2019\/01\/Complejo-lagunar-ojo-de-liebre.jpg 600w, http:\/\/vertienteglobal.com\/wp-content\/uploads\/2019\/01\/Complejo-lagunar-ojo-de-liebre-150x89.jpg 150w, http:\/\/vertienteglobal.com\/wp-content\/uploads\/2019\/01\/Complejo-lagunar-ojo-de-liebre-300x178.jpg 300w\" sizes=\"auto, (max-width: 600px) 100vw, 600px\" \/><\/figure>\n\n\n\n<p> [Redacci\u00f3n]<br> Ecosistema de suma importancia como refugio de la ballena gris (Eschrichtius robustus), especie emblem\u00e1tica sujeta a protecci\u00f3n especial<br> Ciudad de M\u00e9xico.- La Reserva de la Bi\u00f3sfera Complejo Lagunar Ojo de Liebre ofrece en sus aguas las condiciones id\u00f3neas de batimetr\u00eda, temperatura y salinidad a la ballena gris (Eschrichtius robustus), especie que arriba ah\u00ed cada a\u00f1o para su apareamiento, nacimiento y crianza de ballenatos.<br> Y es que este 14 de enero se cumplen 47 a\u00f1os del decreto que establece como zona de refugio para ballenas y ballenatos el Complejo Lagunar, de acuerdo con el decreto presidencial expedido en 1972, que declara Zona de Refugio para Ballenas y Ballenatos las aguas del \u00e1rea de la Laguna Ojo de Liebre-Guerrero Negro, al sur de la Bah\u00eda de Sebasti\u00e1n Vizca\u00edno, en el Litoral del Oc\u00e9ano Pac\u00edfico, en el estado de Baja California Sur.<br> Este mam\u00edfero marino est\u00e1 incluido con la categor\u00eda de Protecci\u00f3n Especial en la NOM-059-SEMARNAT-2010, no obstante que a febrero de 2015 la poblaci\u00f3n del cet\u00e1ceo sumaba 2,305 ejemplares, de acuerdo con el censo de la ballena gris que se realiza desde hace 21 a\u00f1os en las lagunas Ojo de Liebre y Guerrero Negro, donde el notable crecimiento en el n\u00famero de cr\u00edas y adultos coloca al cet\u00e1ceo fuera del peligro extinci\u00f3n.<br> Por tratarse de un \u00e1rea natural protegida marina pr\u00e1cticamente en su totalidad, en este complejo lagunar no existen localidades ni poblaci\u00f3n humana, y solo se desarrollan actividades de pesca y de turismo de bajo impacto ambiental orientadas  a la sostenibilidad para evitar que interfieran con el h\u00e1bitat de Eschrichtius robustus.<br> Adem\u00e1s de la ballena gris, en la Reserva existen 130 especies de aves, 79 de las cuales se han identificado en ambientes acu\u00e1ticos naturales y antr\u00f3picos, y tambi\u00e9n es h\u00e1bitat para otras especies con alguna categor\u00eda de riesgo, seg\u00fan la NOM-059-SEMARNAT-2010, como los pel\u00edcanos caf\u00e9, pardo, moreno y gris, y el ganso de collar, entre las especies con categor\u00eda de amenazadas, y el halc\u00f3n peregrino, sujeto a protecci\u00f3n especial.<br> Esta ANP es zona relevante de pesca de importancia comercial para especies como la langosta roja, callo de hacha, almeja chocolate, almeja mano de le\u00f3n, almeja catarina, pulpo, pata de mula y caracol panocha, entre otras.<\/p>\n","protected":false},"excerpt":{"rendered":"<p>[Redacci\u00f3n] Ecosistema de suma importancia como refugio de la ballena gris (Eschrichtius robustus), especie emblem\u00e1tica sujeta a protecci\u00f3n especial Ciudad de M\u00e9xico.- La Reserva de la Bi\u00f3sfera Complejo Lagunar Ojo de Liebre ofrece en sus aguas las condiciones id\u00f3neas de batimetr\u00eda, temperatura y salinidad a la ballena gris (Eschrichtius robustus), especie que arriba ah\u00ed cada [&hellip;]<\/p>\n","protected":false},"author":1,"featured_media":132453,"comment_status":"open","ping_status":"open","sticky":false,"template":"","format":"standard","meta":{"footnotes":""},"categories":[8],"tags":[],"class_list":["post-132452","post","type-post","status-publish","format-standard","has-post-thumbnail","hentry","category-pais","entry","has-media"],"jetpack_featured_media_url":"http:\/\/vertienteglobal.com\/wp-content\/uploads\/2019\/01\/Complejo-lagunar-ojo-de-liebre.jpg","_links":{"self":[{"href":"http:\/\/vertienteglobal.com\/index.php?rest_route=\/wp\/v2\/posts\/132452","targetHints":{"allow":["GET"]}}],"collection":[{"href":"http:\/\/vertienteglobal.com\/index.php?rest_route=\/wp\/v2\/posts"}],"about":[{"href":"http:\/\/vertienteglobal.com\/index.php?rest_route=\/wp\/v2\/types\/post"}],"author":[{"embeddable":true,"href":"http:\/\/vertienteglobal.com\/index.php?rest_route=\/wp\/v2\/users\/1"}],"replies":[{"embeddable":true,"href":"http:\/\/vertienteglobal.com\/index.php?rest_route=%2Fwp%2Fv2%2Fcomments&post=132452"}],"version-history":[{"count":0,"href":"http:\/\/vertienteglobal.com\/index.php?rest_route=\/wp\/v2\/posts\/132452\/revisions"}],"wp:featuredmedia":[{"embeddable":true,"href":"http:\/\/vertienteglobal.com\/index.php?rest_route=\/wp\/v2\/media\/132453"}],"wp:attachment":[{"href":"http:\/\/vertienteglobal.com\/index.php?rest_route=%2Fwp%2Fv2%2Fmedia&parent=132452"}],"wp:term":[{"taxonomy":"category","embeddable":true,"href":"http:\/\/vertienteglobal.com\/index.php?rest_route=%2Fwp%2Fv2%2Fcategories&post=132452"},{"taxonomy":"post_tag","embeddable":true,"href":"http:\/\/vertienteglobal.com\/index.php?rest_route=%2Fwp%2Fv2%2Ftags&post=132452"}],"curies":[{"name":"wp","href":"https:\/\/api.w.org\/{rel}","templated":true}]}}