{"id":132310,"date":"2019-01-10T21:10:31","date_gmt":"2019-01-11T03:10:31","guid":{"rendered":"http:\/\/vertienteglobal.com\/?p=132310"},"modified":"2019-01-10T23:43:28","modified_gmt":"2019-01-11T05:43:28","slug":"se-registra-temperatura-de-menos-15-grados-en-comunidad-de-perote-veracruz","status":"publish","type":"post","link":"http:\/\/vertienteglobal.com\/?p=132310","title":{"rendered":"Se registra temperatura de menos 15 grados en comunidad de Perote, Veracruz"},"content":{"rendered":"\n<div class=\"twitterbutton\" style=\"float: right; padding-left: 5px;\"><a href=\"http:\/\/twitter.com\/share\" class=\"twitter-share-button\" data-count=\"horizontal\" data-text=\"Se registra temperatura de menos 15 grados en comunidad de Perote, Veracruz\" data-via=\"https:\/\/twitter.com\/VertienteGloba1\" data-url=\"http:\/\/vertienteglobal.com\/?p=132310\" data-lang=\"es\" data-related=\"Informaci\u00f3n general:S\u00edguenos para que est\u00e9ss informado\"><\/a><\/div>\n<figure class=\"wp-block-image\"><img loading=\"lazy\" decoding=\"async\" width=\"600\" height=\"319\" src=\"http:\/\/vertienteglobal.com\/wp-content\/uploads\/2019\/01\/Perote-menos-15.jpg\" alt=\"\" class=\"wp-image-132311\" srcset=\"http:\/\/vertienteglobal.com\/wp-content\/uploads\/2019\/01\/Perote-menos-15.jpg 600w, http:\/\/vertienteglobal.com\/wp-content\/uploads\/2019\/01\/Perote-menos-15-150x80.jpg 150w, http:\/\/vertienteglobal.com\/wp-content\/uploads\/2019\/01\/Perote-menos-15-300x160.jpg 300w\" sizes=\"auto, (max-width: 600px) 100vw, 600px\" \/><\/figure>\n\n\n\n<p> [Redacci\u00f3n]<br> Detall\u00f3 que al momento no se han registrado p\u00e9rdidas humanas, ni afectaciones al campo, aunque si se han incrementado los padecimientos respiratorios en la poblaci\u00f3n, en especial entre ni\u00f1os y adultos mayores<br> Xalapa, Veracruz.- La temperatura m\u00e1s baja que se ha registrado en Perote es de menos 15 grados cent\u00edgrados, confirm\u00f3 el alcalde Juan Francisco Hervert Prado. Fue la comunidad de Zalayeta la m\u00e1s afectada por el frente fr\u00edo n\u00famero 25.<br> Y es que el mun\u00edcipe destac\u00f3 que fue durante la madrugada de este 09 de enero cuando se registr\u00f3 la m\u00e1s baja temperatura de la temporada invernal.<br> Detall\u00f3 que al momento no se han registrado p\u00e9rdidas humanas, ni afectaciones al campo, aunque si se han incrementado los padecimientos respiratorios en la poblaci\u00f3n, en especial entre ni\u00f1os y adultos mayores.<br> En breve entrevista en el Congreso local, coment\u00f3 que se han coordinado con las autoridades estatales y han recibido apoyos invernales. A la fecha no se ha declarado en emergencia a la demarcaci\u00f3n.<\/p>\n","protected":false},"excerpt":{"rendered":"<p>[Redacci\u00f3n] Detall\u00f3 que al momento no se han registrado p\u00e9rdidas humanas, ni afectaciones al campo, aunque si se han incrementado los padecimientos respiratorios en la poblaci\u00f3n, en especial entre ni\u00f1os y adultos mayores Xalapa, Veracruz.- La temperatura m\u00e1s baja que se ha registrado en Perote es de menos 15 grados cent\u00edgrados, confirm\u00f3 el alcalde Juan [&hellip;]<\/p>\n","protected":false},"author":1,"featured_media":132311,"comment_status":"open","ping_status":"open","sticky":false,"template":"","format":"standard","meta":{"footnotes":""},"categories":[7],"tags":[],"class_list":["post-132310","post","type-post","status-publish","format-standard","has-post-thumbnail","hentry","category-veracruz","entry","has-media"],"jetpack_featured_media_url":"http:\/\/vertienteglobal.com\/wp-content\/uploads\/2019\/01\/Perote-menos-15.jpg","_links":{"self":[{"href":"http:\/\/vertienteglobal.com\/index.php?rest_route=\/wp\/v2\/posts\/132310","targetHints":{"allow":["GET"]}}],"collection":[{"href":"http:\/\/vertienteglobal.com\/index.php?rest_route=\/wp\/v2\/posts"}],"about":[{"href":"http:\/\/vertienteglobal.com\/index.php?rest_route=\/wp\/v2\/types\/post"}],"author":[{"embeddable":true,"href":"http:\/\/vertienteglobal.com\/index.php?rest_route=\/wp\/v2\/users\/1"}],"replies":[{"embeddable":true,"href":"http:\/\/vertienteglobal.com\/index.php?rest_route=%2Fwp%2Fv2%2Fcomments&post=132310"}],"version-history":[{"count":0,"href":"http:\/\/vertienteglobal.com\/index.php?rest_route=\/wp\/v2\/posts\/132310\/revisions"}],"wp:featuredmedia":[{"embeddable":true,"href":"http:\/\/vertienteglobal.com\/index.php?rest_route=\/wp\/v2\/media\/132311"}],"wp:attachment":[{"href":"http:\/\/vertienteglobal.com\/index.php?rest_route=%2Fwp%2Fv2%2Fmedia&parent=132310"}],"wp:term":[{"taxonomy":"category","embeddable":true,"href":"http:\/\/vertienteglobal.com\/index.php?rest_route=%2Fwp%2Fv2%2Fcategories&post=132310"},{"taxonomy":"post_tag","embeddable":true,"href":"http:\/\/vertienteglobal.com\/index.php?rest_route=%2Fwp%2Fv2%2Ftags&post=132310"}],"curies":[{"name":"wp","href":"https:\/\/api.w.org\/{rel}","templated":true}]}}