{"id":131929,"date":"2019-01-05T21:33:55","date_gmt":"2019-01-06T03:33:55","guid":{"rendered":"http:\/\/vertienteglobal.com\/?p=131929"},"modified":"2019-01-06T22:35:52","modified_gmt":"2019-01-07T04:35:52","slug":"mexico-impulsor-de-las-reservas-de-la-biosfera","status":"publish","type":"post","link":"http:\/\/vertienteglobal.com\/?p=131929","title":{"rendered":"M\u00e9xico, impulsor de las reservas de la bi\u00f3sfera"},"content":{"rendered":"\n<div class=\"twitterbutton\" style=\"float: right; padding-left: 5px;\"><a href=\"http:\/\/twitter.com\/share\" class=\"twitter-share-button\" data-count=\"horizontal\" data-text=\"M\u00e9xico, impulsor de las reservas de la bi\u00f3sfera\" data-via=\"https:\/\/twitter.com\/VertienteGloba1\" data-url=\"http:\/\/vertienteglobal.com\/?p=131929\" data-lang=\"es\" data-related=\"Informaci\u00f3n general:S\u00edguenos para que est\u00e9ss informado\"><\/a><\/div>\n<figure class=\"wp-block-image\"><img loading=\"lazy\" decoding=\"async\" width=\"600\" height=\"330\" src=\"http:\/\/vertienteglobal.com\/wp-content\/uploads\/2019\/01\/Bi\u00f3sfera-El-Pinacate-y-Gran-Desierto-de-Altar-en-Sonora.jpg\" alt=\"\" class=\"wp-image-131930\" srcset=\"http:\/\/vertienteglobal.com\/wp-content\/uploads\/2019\/01\/Bi\u00f3sfera-El-Pinacate-y-Gran-Desierto-de-Altar-en-Sonora.jpg 600w, http:\/\/vertienteglobal.com\/wp-content\/uploads\/2019\/01\/Bi\u00f3sfera-El-Pinacate-y-Gran-Desierto-de-Altar-en-Sonora-150x83.jpg 150w, http:\/\/vertienteglobal.com\/wp-content\/uploads\/2019\/01\/Bi\u00f3sfera-El-Pinacate-y-Gran-Desierto-de-Altar-en-Sonora-300x165.jpg 300w\" sizes=\"auto, (max-width: 600px) 100vw, 600px\" \/><\/figure>\n\n\n\n<p> [Redacci\u00f3n]<br> Esta categor\u00eda de ANP propicia un mejor reparto de la riqueza en el mundo<br> Ciudad de M\u00e9xico.- Entre las 182 \u00e1reas naturales protegidas federales de M\u00e9xico, administradas por la CONANP, 44 tienen la categor\u00eda de Reservas de la Biosfera, concepto surgido en la UNESCO dentro del Programa El Hombre y la Biosfera (MAB, por sus siglas en ingl\u00e9s).<br> De nacionalidad mexicana, aunque nacido en Madrid, Gonzalo Halffter ha sido el principal impulsor del concepto global de reservas de la bi\u00f3sfera, y en dos ocasiones ha presidido el Consejo Internacional de Coordinaci\u00f3n del Programa MAB-UNESCO, labor por la cual recibi\u00f3 la Medalla al M\u00e9rito en Ecolog\u00eda.<br> En Las voces de la biodiversidad en M\u00e9xico, escrito por Esmeralda Loyden, Halffter acepta con modestia haber sido \u201cuno de los que impulsaron este concepto\u201d. Y aunque hoy lo anima crear otra categor\u00eda de ANP, las reservas archipi\u00e9lago, su incesante trabajo ya ha cosechado nutridos frutos en el campo de la conservaci\u00f3n.<br> El ec\u00f3logo considera que el concepto reservas de la bi\u00f3sfera tiene una enorme repercusi\u00f3n mundial. La Red Mundial de Reservas de la Bi\u00f3sfera cuenta con 669 sitios, incluidos 16 transfronterizos, adem\u00e1s de que promueve la colaboraci\u00f3n Sur-Sur.<br> Dedicada la investigaci\u00f3n interdisciplinaria, esta instancia impulsa el refuerzo de capacidades, la gesti\u00f3n y la experimentaci\u00f3n, en la que se conjugan, de manera innovadora, alternativas econ\u00f3micas, medioambientales y energ\u00e9ticas para el desarrollo sostenible, indica el organismo internacional.<br> El Programa MAB de la UNESCO, de car\u00e1cter intergubernamental, busca establecer una base cient\u00edfica para mejorar la relaci\u00f3n entre los seres humanos y el medio ambiente. Conjuga las ciencias exactas, naturales y sociales, as\u00ed como  la educaci\u00f3n para mejorar los medios de subsistencia de las personas, contribuir a la distribuci\u00f3n equitativa de los beneficios y preservar los ecosistemas naturales o gestionados.<br> Adem\u00e1s, impulsa la generaci\u00f3n de planteamientos de desarrollo innovadores, adecuados desde el punto de vista socio-cultural, y sostenibles desde la perspectiva ambiental.     <br> Las primeras reservas de la bi\u00f3sfera creadas en M\u00e9xico, a iniciativa de Halffter, son La Michil\u00eda y Mapim\u00ed, en Durango,  donde se introdujo el elemento de la participaci\u00f3n comunitaria, lo que permite un uso en distintas \u00e1reas, pero resguarda \u00e1reas con protecci\u00f3n total y \u00e1reas de uso sostenible que garantizan conservar para el futuro lo que hoy existe.<br> Esto implica, por mucho, aplicar un concepto filos\u00f3fico que admite que tiene que haber un mejor reparto de la riqueza en el mundo, sostiene Halffter.<\/p>\n","protected":false},"excerpt":{"rendered":"<p>[Redacci\u00f3n] Esta categor\u00eda de ANP propicia un mejor reparto de la riqueza en el mundo Ciudad de M\u00e9xico.- Entre las 182 \u00e1reas naturales protegidas federales de M\u00e9xico, administradas por la CONANP, 44 tienen la categor\u00eda de Reservas de la Biosfera, concepto surgido en la UNESCO dentro del Programa El Hombre y la Biosfera (MAB, por [&hellip;]<\/p>\n","protected":false},"author":1,"featured_media":131930,"comment_status":"open","ping_status":"open","sticky":false,"template":"","format":"standard","meta":{"footnotes":""},"categories":[8],"tags":[],"class_list":["post-131929","post","type-post","status-publish","format-standard","has-post-thumbnail","hentry","category-pais","entry","has-media"],"jetpack_featured_media_url":"http:\/\/vertienteglobal.com\/wp-content\/uploads\/2019\/01\/Bi\u00f3sfera-El-Pinacate-y-Gran-Desierto-de-Altar-en-Sonora.jpg","_links":{"self":[{"href":"http:\/\/vertienteglobal.com\/index.php?rest_route=\/wp\/v2\/posts\/131929","targetHints":{"allow":["GET"]}}],"collection":[{"href":"http:\/\/vertienteglobal.com\/index.php?rest_route=\/wp\/v2\/posts"}],"about":[{"href":"http:\/\/vertienteglobal.com\/index.php?rest_route=\/wp\/v2\/types\/post"}],"author":[{"embeddable":true,"href":"http:\/\/vertienteglobal.com\/index.php?rest_route=\/wp\/v2\/users\/1"}],"replies":[{"embeddable":true,"href":"http:\/\/vertienteglobal.com\/index.php?rest_route=%2Fwp%2Fv2%2Fcomments&post=131929"}],"version-history":[{"count":0,"href":"http:\/\/vertienteglobal.com\/index.php?rest_route=\/wp\/v2\/posts\/131929\/revisions"}],"wp:featuredmedia":[{"embeddable":true,"href":"http:\/\/vertienteglobal.com\/index.php?rest_route=\/wp\/v2\/media\/131930"}],"wp:attachment":[{"href":"http:\/\/vertienteglobal.com\/index.php?rest_route=%2Fwp%2Fv2%2Fmedia&parent=131929"}],"wp:term":[{"taxonomy":"category","embeddable":true,"href":"http:\/\/vertienteglobal.com\/index.php?rest_route=%2Fwp%2Fv2%2Fcategories&post=131929"},{"taxonomy":"post_tag","embeddable":true,"href":"http:\/\/vertienteglobal.com\/index.php?rest_route=%2Fwp%2Fv2%2Ftags&post=131929"}],"curies":[{"name":"wp","href":"https:\/\/api.w.org\/{rel}","templated":true}]}}